[{"@context":"https:\/\/schema.org\/","@type":"Article","@id":"https:\/\/www.prufia.cz\/retro-vystava-v-prazskem-tancicim-dome\/#Article","mainEntityOfPage":"https:\/\/www.prufia.cz\/retro-vystava-v-prazskem-tancicim-dome\/","headline":"Retro v\u00fdstava v pra\u017esk\u00e9m Tan\u010d\u00edc\u00edm dom\u011b","name":"Retro v\u00fdstava v pra\u017esk\u00e9m Tan\u010d\u00edc\u00edm dom\u011b","description":"&#13; Na za\u010d\u00e1tku roku 2019 byla v Praze na n\u00e1b\u0159e\u017e\u00ed Vltavy ve v\u00fdstavn\u00ed galerii Tan\u010d\u00edc\u00edho domu otev\u0159ena v\u00fdstava zam\u011b\u0159en\u00e1 na retro styl 70. a 80. let. Po\u0159adatel\u00e9 si byli jisti, \u017ee ve\u0159ejnost zaujme, je k tomu toti\u017e vhodn\u00fd \u010das. Jednak tomu nahr\u00e1v\u00e1 ro\u010dn\u00ed obdob\u00ed, po v\u00e1no\u010dn\u00edch sv\u00e1tc\u00edch, kdy m\u00e1lokdo sp\u011bch\u00e1 na dovolenou a vyhled\u00e1v\u00e1 pobyt &hellip; ","datePublished":"2019-01-30","dateModified":"2023-05-19","author":{"@type":"Person","@id":"https:\/\/www.prufia.cz\/author\/#Person","name":"","url":"https:\/\/www.prufia.cz\/author\/","identifier":1,"image":{"@type":"ImageObject","@id":"https:\/\/secure.gravatar.com\/avatar\/87007d43bbcef3c87926bba9082d96a1a8da6f7ae55b1546f5f58a5e10d8ed12?s=96&d=mm&r=g","url":"https:\/\/secure.gravatar.com\/avatar\/87007d43bbcef3c87926bba9082d96a1a8da6f7ae55b1546f5f58a5e10d8ed12?s=96&d=mm&r=g","height":96,"width":96}},"publisher":{"@type":"Organization","name":"prufia.cz","logo":{"@type":"ImageObject","@id":"\/logo.png","url":"\/logo.png","width":600,"height":60}},"image":{"@type":"ImageObject","@id":"https:\/\/www.prufia.cz\/wp-content\/uploads\/img_a341181_w1938_t1553946126.jpg","url":"https:\/\/www.prufia.cz\/wp-content\/uploads\/img_a341181_w1938_t1553946126.jpg","height":0,"width":0},"url":"https:\/\/www.prufia.cz\/retro-vystava-v-prazskem-tancicim-dome\/","about":["Cestov\u00e1n\u00ed"],"wordCount":424,"articleBody":"&#13; Na za\u010d\u00e1tku roku 2019 byla v Praze na n\u00e1b\u0159e\u017e\u00ed Vltavy ve v\u00fdstavn\u00ed galerii Tan\u010d\u00edc\u00edho domu otev\u0159ena v\u00fdstava zam\u011b\u0159en\u00e1 na retro styl 70. a 80. let. Po\u0159adatel\u00e9 si byli jisti, \u017ee ve\u0159ejnost zaujme, je k tomu toti\u017e vhodn\u00fd \u010das. Jednak tomu nahr\u00e1v\u00e1 ro\u010dn\u00ed obdob\u00ed, po v\u00e1no\u010dn\u00edch sv\u00e1tc\u00edch, kdy m\u00e1lokdo sp\u011bch\u00e1 na dovolenou a vyhled\u00e1v\u00e1 pobyt mimo m\u011bsto, a z\u00e1rove\u0148 atmosf\u00e9ra ve spole\u010dnosti, kter\u00e1 se \u010d\u00e1ste\u010dn\u011b zasycena konzumem navrac\u00ed k odli\u0161n\u00e9mu \u017eivotn\u00edmu stylu, alespo\u0148 prost\u0159ednictv\u00edm nostalgick\u00fdch vzpom\u00ednek.&#13; &#13; Na po\u010d\u00e1tku devades\u00e1t\u00fdch let by b\u00fdvalo nemysliteln\u00e9 n\u011bco takov\u00e9ho uspo\u0159\u00e1dat, lid\u00e9 by nem\u011bli z\u00e1jem p\u0159ipom\u00ednat si dobu \u010derstv\u011b pro\u017eitou, zvl\u00e1\u0161t\u011b v p\u0159echodov\u00e9 f\u00e1zi do odli\u0161n\u00e9ho spole\u010densk\u00e9ho syst\u00e9mu. M\u011bli bychom se v\u0161ak zamyslet nad t\u00edm, pro\u010d si retro v\u016fbec p\u0159ipom\u00edn\u00e1me. Vzpom\u00ednkov\u00e9 seance se toti\u017e uskute\u010d\u0148uj\u00ed jen u p\u0159\u00edjemn\u00fdch jev\u016f, nikdo z n\u00e1s nechce znovu pro\u017e\u00edt traumata, nato\u017e aby je prezentoval formou v\u00fdstavy.&#13; &#13; Retro styl slav\u00ed \u00fasp\u011bch i v Praze&#13; Tan\u010d\u00edc\u00ed d\u016fm bude hostit n\u00e1v\u0161t\u011bvn\u00edky a\u017e do konce b\u0159ezna tohoto roku. Ti mohou vstoupit do prosklen\u00e9ho vstupn\u00edho bloku nedaleko Jir\u00e1skova mostu, aby obdivovali \u010d\u00e1st ze soukrom\u00fdch sb\u00edrek a \u010d\u00e1ste\u010dn\u011b expon\u00e1ty z muzejn\u00edch expozic Rychnovsk\u00e9ho muzea. N\u011bkter\u00e9 p\u0159edm\u011bty dosud nebyly ve\u0159ejnosti p\u0159edstaveny, a tak m\u00e1te jedine\u010dnou mo\u017enost spat\u0159it tu na vlastn\u00ed o\u010di zn\u00e1m\u00e9 zna\u010dky Fatra Napajedla, Tesla Stropkov a Tesla Pardubice, Motorlet Jinonice, Poldi Kladno, motocykly JAWA, dom\u00e1c\u00ed spot\u0159ebi\u010de zna\u010dky ETA a p\u016fvodn\u00ed n\u00e1poje zna\u010dky Kofola.&#13; &#13; V odd\u011blen\u00ed bytov\u00fdch textili\u00ed a od\u011bv\u016f jsou vystaven\u00e9 v\u00fdrobky tov\u00e1rn\u00ed b\u011b\u017en\u00e9 konfekce, i oble\u010den\u00ed \u0161it\u00e9 na zak\u00e1zku, dopln\u011bn\u00e9 o dom\u00e1c\u00ed tvorbu, v\u011bt\u0161inou dle st\u0159ih\u016f n\u011bmeck\u00fdch m\u00f3dn\u00edch \u010dasopis\u016f Burda Mode.&#13; M\u00e1te-li z\u00e1jem navr\u00e1tit se v my\u0161lenk\u00e1ch a vystaven\u00fdch v\u00fdrobc\u00edch do doby p\u0159ed t\u00e9m\u011b\u0159 \u010dty\u0159iceti lety, zakoup\u00edte si vstupenku bu\u010f na m\u00edst\u011b, nebo v online p\u0159edprodeji a vstoupit do p\u0159\u00edzemn\u00edho prostoru m\u016f\u017eete denn\u011b v dob\u011b mezi dev\u00e1tou a dvac\u00e1tou hodinou.&#13;                                                                                                                                                                                                                                                                                                                                                                                        3.9\/5 - (9 votes)        "},{"@context":"https:\/\/schema.org\/","@type":"BreadcrumbList","itemListElement":[{"@type":"ListItem","position":1,"name":"Retro v\u00fdstava v pra\u017esk\u00e9m Tan\u010d\u00edc\u00edm dom\u011b","item":"https:\/\/www.prufia.cz\/retro-vystava-v-prazskem-tancicim-dome\/#breadcrumbitem"}]}]